{"id":7293,"date":"2023-04-29T09:17:01","date_gmt":"2023-04-29T07:17:01","guid":{"rendered":"https:\/\/www.restaurant-skab.fr\/?p=7293"},"modified":"2024-06-13T16:57:15","modified_gmt":"2024-06-13T14:57:15","slug":"menu-fete-des-meres","status":"publish","type":"post","link":"https:\/\/www.restaurant-skab.fr\/en\/actus\/nos-menus\/menu-fete-des-meres\/","title":{"rendered":"Menu F\u00eate des m\u00e8res"},"content":{"rendered":"<p>[vc_row css=&#8221;.vc_custom_1528379266903{padding-top: 9px !important;}&#8221;][vc_column][vc_empty_space][vc_column_text]<\/p>\n<p style=\"text-align: center;\">Pour la <strong>f\u00eate des m\u00e8res<\/strong>, le chef <strong>Damien Sanchez <\/strong>vous propose un <strong>menu unique<\/strong> au <strong>Restaurant Skab, <\/strong>le<strong> Dimanche 04 Juin.<\/strong><\/p>\n<p style=\"text-align: center;\">Le menu sera disponible\u00a0<strong>au d\u00e9jeuner et au d\u00eener !<\/strong><\/p>\n<p>[\/vc_column_text][\/vc_column][\/vc_row][vc_row][vc_column][vc_empty_space height=&#8221;50px&#8221;][\/vc_column][\/vc_row][vc_row el_class=&#8221;mobilemarge&#8221;][vc_column width=&#8221;1\/4&#8243;][\/vc_column][vc_column width=&#8221;1\/2&#8243;][vc_column_text][\/vc_column_text][vc_empty_space][vc_column_text]<img loading=\"lazy\" decoding=\"async\" class=\"alignnone wp-image-7361\" src=\"https:\/\/www.restaurant-skab.fr\/wp-content\/uploads\/2023\/04\/1-Menu-Fete-des-meres-A4-1-212x300.jpg\" alt=\"\" width=\"566\" height=\"801\" srcset=\"https:\/\/www.restaurant-skab.fr\/wp-content\/uploads\/2023\/04\/1-Menu-Fete-des-meres-A4-1-212x300.jpg 212w, https:\/\/www.restaurant-skab.fr\/wp-content\/uploads\/2023\/04\/1-Menu-Fete-des-meres-A4-1-724x1024.jpg 724w, https:\/\/www.restaurant-skab.fr\/wp-content\/uploads\/2023\/04\/1-Menu-Fete-des-meres-A4-1-768x1086.jpg 768w, https:\/\/www.restaurant-skab.fr\/wp-content\/uploads\/2023\/04\/1-Menu-Fete-des-meres-A4-1-1086x1536.jpg 1086w, https:\/\/www.restaurant-skab.fr\/wp-content\/uploads\/2023\/04\/1-Menu-Fete-des-meres-A4-1-1449x2048.jpg 1449w, https:\/\/www.restaurant-skab.fr\/wp-content\/uploads\/2023\/04\/1-Menu-Fete-des-meres-A4-1-scaled.jpg 1811w\" sizes=\"auto, (max-width: 566px) 100vw, 566px\" \/>[\/vc_column_text][\/vc_column][vc_column width=&#8221;1\/4&#8243;][\/vc_column][\/vc_row][vc_row][vc_column][vc_empty_space][\/vc_column][\/vc_row][vc_row][vc_column][vc_btn title=&#8221;R\u00e9server&#8221; align=&#8221;center&#8221; link=&#8221;url:https%3A%2F%2Fwww.restaurant-skab.fr%2Freservations%2F|title:R%C3%A9servation||&#8221;][vc_empty_space height=&#8221;50px&#8221;][\/vc_column][\/vc_row][vc_row][vc_column][\/vc_column][\/vc_row]<\/p>\n","protected":false},"excerpt":{"rendered":"<p>D\u00e9couvrez notre menu sp\u00e9cial F\u00eate des m\u00e8res 2023<\/p>\n","protected":false},"author":5,"featured_media":7321,"comment_status":"closed","ping_status":"closed","sticky":false,"template":"","format":"standard","meta":{"footnotes":""},"categories":[243,264],"tags":[],"class_list":["post-7293","post","type-post","status-publish","format-standard","has-post-thumbnail","hentry","category-nos-menus","category-nos-menus-2-2"],"aioseo_notices":[],"_links":{"self":[{"href":"https:\/\/www.restaurant-skab.fr\/en\/wp-json\/wp\/v2\/posts\/7293","targetHints":{"allow":["GET"]}}],"collection":[{"href":"https:\/\/www.restaurant-skab.fr\/en\/wp-json\/wp\/v2\/posts"}],"about":[{"href":"https:\/\/www.restaurant-skab.fr\/en\/wp-json\/wp\/v2\/types\/post"}],"author":[{"embeddable":true,"href":"https:\/\/www.restaurant-skab.fr\/en\/wp-json\/wp\/v2\/users\/5"}],"replies":[{"embeddable":true,"href":"https:\/\/www.restaurant-skab.fr\/en\/wp-json\/wp\/v2\/comments?post=7293"}],"version-history":[{"count":1,"href":"https:\/\/www.restaurant-skab.fr\/en\/wp-json\/wp\/v2\/posts\/7293\/revisions"}],"predecessor-version":[{"id":8512,"href":"https:\/\/www.restaurant-skab.fr\/en\/wp-json\/wp\/v2\/posts\/7293\/revisions\/8512"}],"wp:featuredmedia":[{"embeddable":true,"href":"https:\/\/www.restaurant-skab.fr\/en\/wp-json\/wp\/v2\/media\/7321"}],"wp:attachment":[{"href":"https:\/\/www.restaurant-skab.fr\/en\/wp-json\/wp\/v2\/media?parent=7293"}],"wp:term":[{"taxonomy":"category","embeddable":true,"href":"https:\/\/www.restaurant-skab.fr\/en\/wp-json\/wp\/v2\/categories?post=7293"},{"taxonomy":"post_tag","embeddable":true,"href":"https:\/\/www.restaurant-skab.fr\/en\/wp-json\/wp\/v2\/tags?post=7293"}],"curies":[{"name":"wp","href":"https:\/\/api.w.org\/{rel}","templated":true}]}}