{"id":7421,"date":"2023-06-19T10:54:20","date_gmt":"2023-06-19T08:54:20","guid":{"rendered":"https:\/\/www.restaurant-skab.fr\/?p=7421"},"modified":"2024-06-13T16:54:03","modified_gmt":"2024-06-13T14:54:03","slug":"article-midi-libre-fete-de-la-musique-au-skab","status":"publish","type":"post","link":"https:\/\/www.restaurant-skab.fr\/en\/actus\/revue-de-presse\/article-midi-libre-fete-de-la-musique-au-skab\/","title":{"rendered":"Article Midi Libre : F\u00eate de la musique au SKAB"},"content":{"rendered":"<p>[vc_row css=&#8221;.vc_custom_1528379266903{padding-top: 9px !important;}&#8221;][vc_column][vc_empty_space][vc_column_text]<\/p>\n<h1 class=\"\" style=\"text-align: center;\"><img loading=\"lazy\" decoding=\"async\" class=\"alignnone wp-image-7424\" src=\"https:\/\/www.restaurant-skab.fr\/wp-content\/uploads\/2023\/06\/capture-article-midi-libre-300x296.jpg\" alt=\"\" width=\"492\" height=\"485\" srcset=\"https:\/\/www.restaurant-skab.fr\/wp-content\/uploads\/2023\/06\/capture-article-midi-libre-300x296.jpg 300w, https:\/\/www.restaurant-skab.fr\/wp-content\/uploads\/2023\/06\/capture-article-midi-libre-768x758.jpg 768w, https:\/\/www.restaurant-skab.fr\/wp-content\/uploads\/2023\/06\/capture-article-midi-libre.jpg 882w\" sizes=\"auto, (max-width: 492px) 100vw, 492px\" \/><\/h1>\n<p>[\/vc_column_text][vc_btn title=&#8221;Lire l&#8217;article entier&#8221; style=&#8221;custom&#8221; custom_background=&#8221;#dd5900&#8243; custom_text=&#8221;#ffffff&#8221; align=&#8221;center&#8221; i_icon_fontawesome=&#8221;fa fa-share&#8221; add_icon=&#8221;true&#8221; link=&#8221;url:https%3A%2F%2Fwww.midilibre.fr%2F2023%2F06%2F14%2Fa-nimes-le-skab-va-feter-la-musique-avec-un-menu-folk-rock-et-gastronomique-11263123.php||target:%20_blank|&#8221;][\/vc_column][\/vc_row][vc_row][vc_column][vc_empty_space height=&#8221;50px&#8221;][\/vc_column][\/vc_row][vc_row el_class=&#8221;mobilemarge&#8221;][vc_column width=&#8221;1\/4&#8243;][\/vc_column][vc_column width=&#8221;1\/4&#8243;][\/vc_column][\/vc_row][vc_row][vc_column][vc_empty_space height=&#8221;50px&#8221;][\/vc_column][\/vc_row]<\/p>\n","protected":false},"excerpt":{"rendered":"<p>Le Midi Libre annonce la soir\u00e9e \u00e9v\u00e9nement pour la f\u00eate de la musique au Skab<\/p>\n","protected":false},"author":5,"featured_media":7427,"comment_status":"closed","ping_status":"closed","sticky":false,"template":"","format":"standard","meta":{"footnotes":""},"categories":[265,251],"tags":[],"class_list":["post-7421","post","type-post","status-publish","format-standard","has-post-thumbnail","hentry","category-parution-2","category-revue-de-presse"],"aioseo_notices":[],"_links":{"self":[{"href":"https:\/\/www.restaurant-skab.fr\/en\/wp-json\/wp\/v2\/posts\/7421","targetHints":{"allow":["GET"]}}],"collection":[{"href":"https:\/\/www.restaurant-skab.fr\/en\/wp-json\/wp\/v2\/posts"}],"about":[{"href":"https:\/\/www.restaurant-skab.fr\/en\/wp-json\/wp\/v2\/types\/post"}],"author":[{"embeddable":true,"href":"https:\/\/www.restaurant-skab.fr\/en\/wp-json\/wp\/v2\/users\/5"}],"replies":[{"embeddable":true,"href":"https:\/\/www.restaurant-skab.fr\/en\/wp-json\/wp\/v2\/comments?post=7421"}],"version-history":[{"count":1,"href":"https:\/\/www.restaurant-skab.fr\/en\/wp-json\/wp\/v2\/posts\/7421\/revisions"}],"predecessor-version":[{"id":8510,"href":"https:\/\/www.restaurant-skab.fr\/en\/wp-json\/wp\/v2\/posts\/7421\/revisions\/8510"}],"wp:featuredmedia":[{"embeddable":true,"href":"https:\/\/www.restaurant-skab.fr\/en\/wp-json\/wp\/v2\/media\/7427"}],"wp:attachment":[{"href":"https:\/\/www.restaurant-skab.fr\/en\/wp-json\/wp\/v2\/media?parent=7421"}],"wp:term":[{"taxonomy":"category","embeddable":true,"href":"https:\/\/www.restaurant-skab.fr\/en\/wp-json\/wp\/v2\/categories?post=7421"},{"taxonomy":"post_tag","embeddable":true,"href":"https:\/\/www.restaurant-skab.fr\/en\/wp-json\/wp\/v2\/tags?post=7421"}],"curies":[{"name":"wp","href":"https:\/\/api.w.org\/{rel}","templated":true}]}}