{"id":7971,"date":"2024-01-29T14:24:09","date_gmt":"2024-01-29T13:24:09","guid":{"rendered":"https:\/\/www.restaurant-skab.fr\/?p=7971"},"modified":"2024-06-13T16:43:37","modified_gmt":"2024-06-13T14:43:37","slug":"menu-paques-2024","status":"publish","type":"post","link":"https:\/\/www.restaurant-skab.fr\/en\/actus\/nos-menus\/menu-paques-2024\/","title":{"rendered":"Menu P\u00e2ques 2024"},"content":{"rendered":"<p>[vc_row css=&#8221;.vc_custom_1528379266903{padding-top: 9px !important;}&#8221;][vc_column][vc_empty_space][vc_column_text]<\/p>\n<p style=\"text-align: center;\">Comme chaque ann\u00e9e, le chef<strong> Damien Sanchez<\/strong> vous propose son <strong>Menu de P\u00e2ques <\/strong>au<strong> Restaurant SKAB<\/strong>.<\/p>\n<p style=\"text-align: center;\">Vous pouvez d&#8217;ores et d\u00e9j\u00e0 r\u00e9server votre table<br \/>\npour le <strong>dimanche 31 mars 2024 midi &amp; soir<\/strong>.<\/p>\n<p>[\/vc_column_text][\/vc_column][\/vc_row][vc_row][vc_column][vc_empty_space height=&#8221;50px&#8221;][\/vc_column][\/vc_row][vc_row el_class=&#8221;mobilemarge&#8221;][vc_column width=&#8221;1\/4&#8243;][\/vc_column][vc_column width=&#8221;1\/2&#8243;][vc_column_text]<\/p>\n<p style=\"text-align: center;\">Bouch\u00e9es Ap\u00e9ritives<\/p>\n<p style=\"text-align: center;\">*****<\/p>\n<p style=\"text-align: center;\">Fine tartelette de l\u00e9gumes printaniers, \u0153uf de caille mollet,<br \/>\nSot-l&#8217;y-laisse et aileron de volaille fermiers. Sauce ancho\u00efade.<\/p>\n<p style=\"text-align: center;\">*****<\/p>\n<p style=\"text-align: center;\">Crevettes du Grau du Roi justes snack\u00e9es, tortellini 100 pour 100 cresson.<br \/>\nRago\u00fbt de coquillages relev\u00e9 au curcuma.<\/p>\n<p style=\"text-align: center;\">*****<\/p>\n<p style=\"text-align: center;\">Saut\u00e9 de lotte cuisin\u00e9 fa\u00e7on blanquette.<br \/>\nQuelques asperges vertes et blanches de pays.<br \/>\nR\u00e9hauss\u00e9es au caviar Baerii de chez Perle Noire.<\/p>\n<p style=\"text-align: center;\">*****<\/p>\n<p style=\"text-align: center;\">Pause Fra\u00eecheur\u00a0: Sorbet ananas et poivre rouge de kampot,<br \/>\nflanqu\u00e9 de fruits exotiques relev\u00e9 au rhum \u00ab\u00a0Gard au Gorille\u00a0\u00bb<\/p>\n<p style=\"text-align: center;\">*****<\/p>\n<p style=\"text-align: center;\">Carr\u00e9 et selle d\u2019agneau de Provence r\u00f4tis au sautoir,<br \/>\ncr\u00e9meux de Pois chiche de Montaren au cumin, gros cube d\u2019aubergine po\u00eal\u00e9e.<br \/>\nJus d\u2019agneau \u00e0 l&#8217;harissa.<\/p>\n<p style=\"text-align: center;\">*****<\/p>\n<p style=\"text-align: center;\">P\u00e9lardon de chez \u00ab\u00a0Rio\u00a0\u00bb \u00e0 Saint B\u00e9nezet.<br \/>\nRhubarbe fondante radoucie au miel de chez la Reine et le Loup,<br \/>\ngel\u00e9e de Miel \/ Gingembre, pignons de pins torr\u00e9fi\u00e9s.<\/p>\n<p style=\"text-align: center;\">*****<\/p>\n<p style=\"text-align: center;\">Le Nid de P\u00e2ques version \u00ab Skab \u00bb,<br \/>\nvariation autour des chocolats grands crus de chez Valrhona,<\/p>\n<p style=\"text-align: center;\">\u00e9clats de mangues, sorbet aux fruits exotiques.<\/p>\n<p style=\"text-align: center;\">*****<\/p>\n<p style=\"text-align: center;\">Mignardises et confiseries<\/p>\n<p style=\"text-align: center;\"><strong>140\u20ac par personne (Hors boissons)<\/strong><\/p>\n<p>[\/vc_column_text][\/vc_column][vc_column width=&#8221;1\/4&#8243;][\/vc_column][\/vc_row][vc_row][vc_column][vc_empty_space height=&#8221;50px&#8221;][\/vc_column][\/vc_row][vc_row][vc_column][vc_btn title=&#8221;R\u00e9server&#8221; align=&#8221;center&#8221; link=&#8221;url:https%3A%2F%2Fwww.restaurant-skab.fr%2Freservations%2F|title:R%C3%A9servation||&#8221;][vc_empty_space height=&#8221;50px&#8221;][\/vc_column][\/vc_row][vc_row][vc_column][\/vc_column][\/vc_row]<\/p>\n","protected":false},"excerpt":{"rendered":"<p>D\u00e9couvrez le menu sp\u00e9cial P\u00e2ques du chef Damien Sanchez pour ce dimanche Pascal 2024<\/p>\n","protected":false},"author":5,"featured_media":8065,"comment_status":"closed","ping_status":"closed","sticky":false,"template":"","format":"standard","meta":{"footnotes":""},"categories":[243,264],"tags":[307,301,291,277,312,289,272,313,314],"class_list":["post-7971","post","type-post","status-publish","format-standard","has-post-thumbnail","hentry","category-nos-menus","category-nos-menus-2-2","tag-chef-etoile","tag-ecoresponsable","tag-evenement","tag-local","tag-menu-de-paques","tag-menu-gastronomique","tag-menu-special","tag-paques","tag-produits-de-saison"],"aioseo_notices":[],"_links":{"self":[{"href":"https:\/\/www.restaurant-skab.fr\/en\/wp-json\/wp\/v2\/posts\/7971","targetHints":{"allow":["GET"]}}],"collection":[{"href":"https:\/\/www.restaurant-skab.fr\/en\/wp-json\/wp\/v2\/posts"}],"about":[{"href":"https:\/\/www.restaurant-skab.fr\/en\/wp-json\/wp\/v2\/types\/post"}],"author":[{"embeddable":true,"href":"https:\/\/www.restaurant-skab.fr\/en\/wp-json\/wp\/v2\/users\/5"}],"replies":[{"embeddable":true,"href":"https:\/\/www.restaurant-skab.fr\/en\/wp-json\/wp\/v2\/comments?post=7971"}],"version-history":[{"count":13,"href":"https:\/\/www.restaurant-skab.fr\/en\/wp-json\/wp\/v2\/posts\/7971\/revisions"}],"predecessor-version":[{"id":8067,"href":"https:\/\/www.restaurant-skab.fr\/en\/wp-json\/wp\/v2\/posts\/7971\/revisions\/8067"}],"wp:featuredmedia":[{"embeddable":true,"href":"https:\/\/www.restaurant-skab.fr\/en\/wp-json\/wp\/v2\/media\/8065"}],"wp:attachment":[{"href":"https:\/\/www.restaurant-skab.fr\/en\/wp-json\/wp\/v2\/media?parent=7971"}],"wp:term":[{"taxonomy":"category","embeddable":true,"href":"https:\/\/www.restaurant-skab.fr\/en\/wp-json\/wp\/v2\/categories?post=7971"},{"taxonomy":"post_tag","embeddable":true,"href":"https:\/\/www.restaurant-skab.fr\/en\/wp-json\/wp\/v2\/tags?post=7971"}],"curies":[{"name":"wp","href":"https:\/\/api.w.org\/{rel}","templated":true}]}}