{"id":8020,"date":"2024-02-13T16:50:56","date_gmt":"2024-02-13T15:50:56","guid":{"rendered":"https:\/\/www.restaurant-skab.fr\/?p=8020"},"modified":"2024-06-13T16:42:27","modified_gmt":"2024-06-13T14:42:27","slug":"menu-champagne-2024","status":"publish","type":"post","link":"https:\/\/www.restaurant-skab.fr\/en\/actus\/nos-menus\/menu-champagne-2024\/","title":{"rendered":"Menu Champagne 2024"},"content":{"rendered":"<p>[vc_row css=&#8221;.vc_custom_1528379266903{padding-top: 9px !important;}&#8221;][vc_column][vc_empty_space][vc_column_text]<\/p>\n<p style=\"text-align: center;\">Cette ann\u00e9e, le chef<strong> Damien Sanchez <\/strong>vous propose son <strong>Menu Champagne au tarif de 140\u20ac par personne et hors boissons <\/strong>au<strong> Restaurant SKAB<\/strong>.<\/p>\n<p style=\"text-align: center;\">Vous pouvez d&#8217;ores et d\u00e9j\u00e0 r\u00e9server votre table pour le vendredi 26 Avril 2024.<\/p>\n<p style=\"text-align: center;\">Un accord mets et Champagne sera propos\u00e9 ce jour-l\u00e0 au tarif de 100\u20ac par personne &#8211; en plus du menu. (Accord comprenant 5 coupes)<\/p>\n<p>[\/vc_column_text][vc_separator color=&#8221;custom&#8221; border_width=&#8221;2&#8243; el_width=&#8221;10&#8243; accent_color=&#8221;#ff6600&#8243; css=&#8221;.vc_custom_1709110386548{padding-top: 5% !important;}&#8221;][\/vc_column][\/vc_row][vc_row el_class=&#8221;mobilemarge&#8221;][vc_column width=&#8221;1\/4&#8243;][\/vc_column][vc_column width=&#8221;1\/2&#8243; css=&#8221;.vc_custom_1709110096690{background-position: center !important;background-repeat: no-repeat !important;background-size: contain !important;}&#8221;][vc_single_image image=&#8221;8057&#8243; img_size=&#8221;large&#8221; alignment=&#8221;center&#8221;][vc_column_text]<\/p>\n<p style=\"text-align: center;\">Bouch\u00e9es Ap\u00e9ritives<\/p>\n<p style=\"color: #ff6600; text-align: center;\">*****<\/p>\n<p style=\"text-align: center;\">Asperges vertes de pays cuites \u00ab\u00a0al dente\u00a0\u00bb,<br \/>\nBallotine de truite des Fumades au c\u0153ur cr\u00e9meux de gel de Pomelos.<br \/>\nGrosse quenelle de mousse d\u2019asperge blanche c\u00e9lestine d\u2019Aigues-Mortes.<br \/>\n<span style=\"color: #bf8f00;\"><strong><em>AOC Champagne, Furdyna \u00ab La Secr\u00e8te \u00bb Brut<\/em><\/strong><\/span><\/p>\n<p style=\"color: #ff6600; text-align: center;\">*****<\/p>\n<p style=\"text-align: center;\">Encornet po\u00eal\u00e9 au piment des C\u00e9vennes de chez Mr Colautti.<br \/>\nEcume de bouillon de l\u00e9gumes, quelques carottes des sables et fenouil confit.<br \/>\nSauce Ivoire aux effluves de fenouil.<br \/>\n<span style=\"color: #bf8f00;\"><strong><em>AOC Champagne, Coessens \u00ab Largillier\u00a0\u00bb Extra Brut<\/em><\/strong><\/span><\/p>\n<p style=\"color: #ff6600; text-align: center;\">*****<\/p>\n<p style=\"text-align: center;\">Sole petit bateau farcie \u00e0 la duxelle de champignons de Paris puis glac\u00e9e.<br \/>\nBouchon de pomme de terre fondante relev\u00e9 \u00e0 l\u2019oursin.<br \/>\nPointe de caviar Baeri de chez Perle Noire.<br \/>\nSauce onctueuse au champagne.<br \/>\n<span style=\"color: #bf8f00;\"><strong><em>AOC Champagne,\u00a0Lacroix Triaulaire \u00ab\u00a0Mont Marvin\u00a0\u00bb Extra Brut 2016<\/em><\/strong><\/span><\/p>\n<p style=\"color: #ff6600; text-align: center;\">*****<\/p>\n<p style=\"text-align: center;\">Pause Fra\u00eecheur : Sorbet Champagne flanqu\u00e9 de Fruits Rouges.<\/p>\n<p style=\"color: #ff6600; text-align: center;\">*****<\/p>\n<p style=\"text-align: center;\">Tourte de pigeon des fr\u00e8res Baeza,<br \/>\nsublim\u00e9e d\u2019une escalope de foie gras de chez Gubernat.<br \/>\nCr\u00e9meux de petits pois de pays,<\/p>\n<p style=\"text-align: center;\">Cuisse de pigeon confite.<br \/>\nJus de pigeon rehauss\u00e9 de foie gras.<br \/>\n<span style=\"color: #bf8f00;\"><strong><em>AOC Coteaux Champenois, 2018 Jean Michel<\/em><\/strong><\/span><\/p>\n<p style=\"color: #ff6600; text-align: center;\">*****<\/p>\n<p style=\"text-align: center;\">Cantal servi avec un chutney de Pomme Pink Lady<br \/>\net quelques cubes de pommes cuites fa\u00e7on tatin,<br \/>\nBrisures de c\u00e9leri branche confit et quelques feuilles de sucrine.<\/p>\n<p style=\"color: #ff6600; text-align: center;\">*****<\/p>\n<p style=\"text-align: center;\">La Fraise des bois en \u00e9clats et en nectar infus\u00e9e au basilic,<br \/>\nRhubarbe cuite en cro\u00fbte de sucre,<br \/>\nSorbet fraise des bois.<\/p>\n<p style=\"text-align: center; color: #bf8f00;\"><strong><em>AOC Champagne ros\u00e9 de Saign\u00e9e, Legret 2018<br \/>\nou<br \/>\nAOC Ratafia de Champagne, Legret<br \/>\n<\/em><\/strong><\/p>\n<p style=\"color: #ff6600; text-align: center;\">*****<\/p>\n<p style=\"text-align: center;\">Mignardises et confiseries<\/p>\n<p>[\/vc_column_text][\/vc_column][vc_column width=&#8221;1\/4&#8243;][\/vc_column][\/vc_row][vc_row][vc_column][vc_empty_space][\/vc_column][\/vc_row][vc_row][vc_column][vc_btn title=&#8221;R\u00e9server&#8221; align=&#8221;center&#8221; link=&#8221;url:https%3A%2F%2Fwww.restaurant-skab.fr%2Freservations%2F|title:R%C3%A9servation||&#8221;][vc_empty_space height=&#8221;50px&#8221;][\/vc_column][\/vc_row][vc_row][vc_column][\/vc_column][\/vc_row]<\/p>\n","protected":false},"excerpt":{"rendered":"<p>Cette ann\u00e9e encore, le chef Damien Sanchez vous propose son Menu Champagne au Restaurant SKAB les 26 et 27 Avril.<\/p>\n","protected":false},"author":5,"featured_media":8062,"comment_status":"closed","ping_status":"closed","sticky":false,"template":"","format":"standard","meta":{"footnotes":""},"categories":[243,264,244],"tags":[309,307,291,310,289,272,311],"class_list":["post-8020","post","type-post","status-publish","format-standard","has-post-thumbnail","hentry","category-nos-menus","category-nos-menus-2-2","category-uncategorized","tag-champagne","tag-chef-etoile","tag-evenement","tag-menu-champagne","tag-menu-gastronomique","tag-menu-special","tag-mneu-etoile"],"aioseo_notices":[],"_links":{"self":[{"href":"https:\/\/www.restaurant-skab.fr\/en\/wp-json\/wp\/v2\/posts\/8020","targetHints":{"allow":["GET"]}}],"collection":[{"href":"https:\/\/www.restaurant-skab.fr\/en\/wp-json\/wp\/v2\/posts"}],"about":[{"href":"https:\/\/www.restaurant-skab.fr\/en\/wp-json\/wp\/v2\/types\/post"}],"author":[{"embeddable":true,"href":"https:\/\/www.restaurant-skab.fr\/en\/wp-json\/wp\/v2\/users\/5"}],"replies":[{"embeddable":true,"href":"https:\/\/www.restaurant-skab.fr\/en\/wp-json\/wp\/v2\/comments?post=8020"}],"version-history":[{"count":24,"href":"https:\/\/www.restaurant-skab.fr\/en\/wp-json\/wp\/v2\/posts\/8020\/revisions"}],"predecessor-version":[{"id":8382,"href":"https:\/\/www.restaurant-skab.fr\/en\/wp-json\/wp\/v2\/posts\/8020\/revisions\/8382"}],"wp:featuredmedia":[{"embeddable":true,"href":"https:\/\/www.restaurant-skab.fr\/en\/wp-json\/wp\/v2\/media\/8062"}],"wp:attachment":[{"href":"https:\/\/www.restaurant-skab.fr\/en\/wp-json\/wp\/v2\/media?parent=8020"}],"wp:term":[{"taxonomy":"category","embeddable":true,"href":"https:\/\/www.restaurant-skab.fr\/en\/wp-json\/wp\/v2\/categories?post=8020"},{"taxonomy":"post_tag","embeddable":true,"href":"https:\/\/www.restaurant-skab.fr\/en\/wp-json\/wp\/v2\/tags?post=8020"}],"curies":[{"name":"wp","href":"https:\/\/api.w.org\/{rel}","templated":true}]}}