{"id":8972,"date":"2024-12-19T14:37:36","date_gmt":"2024-12-19T13:37:36","guid":{"rendered":"https:\/\/www.restaurant-skab.fr\/?p=8972"},"modified":"2024-12-19T15:10:19","modified_gmt":"2024-12-19T14:10:19","slug":"menu-saint-valentin-2025","status":"publish","type":"post","link":"https:\/\/www.restaurant-skab.fr\/en\/actus\/nos-menus-2-2\/menu-saint-valentin-2025\/","title":{"rendered":"Menu Saint Valentin 2025"},"content":{"rendered":"<p>[vc_row css=&#8221;.vc_custom_1734616491069{margin-top: 35px !important;padding-bottom: 9px !important;background-color: #e7324f !important;}&#8221;][vc_column][vc_empty_space][vc_column_text]<\/p>\n<p style=\"text-align: center; color: #fff;\"><em>Comme chaque ann\u00e9e, le chef<strong> Damien Sanchez<\/strong> vous propose<\/em><br \/>\n<em>son <strong>Menu Saint-Valentin <\/strong>au<strong> Restaurant SKAB<\/strong>.<\/em><\/p>\n<p style=\"text-align: center; color: #fff;\"><em>Vous pouvez d&#8217;ores et d\u00e9j\u00e0 r\u00e9server votre table pour le jeudi 13 au d\u00eener<\/em><br \/>\n<em>et le vendredi 14 &amp; Samedi 15 F\u00e9vrier 2025 au d\u00e9jeuner et au d\u00eener.<\/em><\/p>\n<p>[\/vc_column_text][vc_empty_space][\/vc_column][\/vc_row][vc_row][vc_column][vc_empty_space height=&#8221;50px&#8221;][\/vc_column][\/vc_row][vc_row el_class=&#8221;mobilemarge&#8221;][vc_column width=&#8221;1\/4&#8243; css=&#8221;.vc_custom_1734617407562{background-image: url(https:\/\/www.restaurant-skab.fr\/wp-content\/uploads\/2024\/12\/menu-st-valentin_colgauhce.jpg?id=8986) !important;background-position: center !important;background-repeat: no-repeat !important;background-size: contain !important;}&#8221;][vc_empty_space height=&#8221;910px&#8221;][\/vc_column][vc_column width=&#8221;1\/2&#8243;][vc_column_text]<\/p>\n<p style=\"text-align: center;\">100 Pour 100 carotte d\u2019Aigues-Mortes :<br \/>\npress\u00e9 de carotte de chez Mr Tournaire au jus d\u2019orange et au cumin.<br \/>\nCarotte brais\u00e9e \u00e0 l\u2019\u00e9corce d\u2019agrumes,<br \/>\nparfait carotte comme un vacherin.<\/p>\n<p style=\"text-align: center;\"><strong><span style=\"color: #e7324f;\">*****<\/span><\/strong><br \/>\nNoix de Saint Jacques justes snack\u00e9es,<br \/>\nconchiglioni farci \u00e0 la tomb\u00e9e de poireau relev\u00e9 \u00e0 la truffe melanosporum.<br \/>\nSauce ivoire \u00e0 la truffe d\u2019hiver.<\/p>\n<p style=\"text-align: center;\"><strong><span style=\"color: #e7324f;\">*****<\/span><\/strong><br \/>\nM\u00e9daillon de lotte r\u00f4ti au sautoir,<br \/>\nrago\u00fbt de coquillages au gingembre et \u00e9clats de butternut.<br \/>\nBeurre battu au gingembre et coriandre.<\/p>\n<p style=\"text-align: center;\"><strong><span style=\"color: #e7324f;\">*****<\/span><\/strong><br \/>\nSorbet aux herbes flanqu\u00e9 de fruits rouges<\/p>\n<p style=\"text-align: center;\"><strong><span style=\"color: #e7324f;\">*****<\/span><\/strong><br \/>\nFilet de canard de la ferme Gubernat lentement r\u00f4ti,<br \/>\nCou confit et farci, gnocchi de foie gras.<br \/>\nCr\u00e9meux de marron des C\u00e9vennes.<br \/>\nFinger de panais.<br \/>\nJus de canard mont\u00e9 au foie gras.<\/p>\n<p style=\"text-align: center;\"><strong><span style=\"color: #e7324f;\">*****<\/span><\/strong><br \/>\nP\u00e9lardon du Mas de la Courme en nougat,<br \/>\npommade de miel de chez La Reine et le Loup,<br \/>\nSorbet huile d\u2019olive de chez Mr JeanJean.<\/p>\n<p style=\"text-align: center;\"><strong><span style=\"color: #e7324f;\">*****<\/span><\/strong><br \/>\nLe c\u0153ur de Saint Valentin Skab\u00a0:<br \/>\nC\u0153ur mousseux litchi \/ framboise,<br \/>\npain de G\u00e8nes imbib\u00e9 dans un sirop gingembre,<br \/>\nchantilly et \u00e9clats de framboises,<br \/>\nSorbet litchi \/ framboise.<\/p>\n<p style=\"text-align: center;\"><strong>(135\u20ac par personne hors boissons)<\/strong><\/p>\n<p>[\/vc_column_text][vc_empty_space][\/vc_column][vc_column width=&#8221;1\/4&#8243; css=&#8221;.vc_custom_1734617414938{background-image: url(https:\/\/www.restaurant-skab.fr\/wp-content\/uploads\/2024\/12\/menu-st-valentin_coldroite.jpg?id=8984) !important;background-position: center !important;background-repeat: no-repeat !important;background-size: contain !important;}&#8221;][vc_empty_space height=&#8221;910px&#8221;][\/vc_column][\/vc_row][vc_row][vc_column][\/vc_column][\/vc_row][vc_row][vc_column][vc_btn title=&#8221;R\u00e9server&#8221; color=&#8221;juicy-pink&#8221; align=&#8221;center&#8221; link=&#8221;url:https%3A%2F%2Fwww.restaurant-skab.fr%2Freservations%2F|title:R%C3%A9servation||&#8221;][vc_empty_space height=&#8221;50px&#8221;][vc_btn title=&#8221;Craquez pour notre s\u00e9lection de coffrets cadeaux \u00e0 l&#8217;occasion de la Saint-Valentin&#8221; color=&#8221;juicy-pink&#8221; align=&#8221;center&#8221; link=&#8221;url:https%3A%2F%2Frestaurant-skab.secretbox.fr%2F|title:Craquez%20pour%20notre%20s%C3%A9lection%20de%20coffrets%20cadeaux%20%C3%A0%20l&#8217;occasion%20de%20la%20Saint-Valentin||&#8221;][\/vc_column][\/vc_row]<\/p>\n","protected":false},"excerpt":{"rendered":"<p>D\u00e9couvrez notre menu pour la Saint-Valentin 2025 Jeudi 13 F\u00e9vrier au d\u00eener et Vendredi 14 &#038; Samedi 15 F\u00e9vrier au d\u00e9jeuner et au d\u00eener<\/p>\n","protected":false},"author":5,"featured_media":8975,"comment_status":"closed","ping_status":"closed","sticky":false,"template":"","format":"standard","meta":{"footnotes":""},"categories":[264],"tags":[315,307,273,318,289,272,316,317],"class_list":["post-8972","post","type-post","status-publish","format-standard","has-post-thumbnail","hentry","category-nos-menus-2-2","tag-amoureux","tag-chef-etoile","tag-menu","tag-menu-de-st-valentin","tag-menu-gastronomique","tag-menu-special","tag-repas-pour-deux","tag-st-valentin"],"aioseo_notices":[],"_links":{"self":[{"href":"https:\/\/www.restaurant-skab.fr\/en\/wp-json\/wp\/v2\/posts\/8972","targetHints":{"allow":["GET"]}}],"collection":[{"href":"https:\/\/www.restaurant-skab.fr\/en\/wp-json\/wp\/v2\/posts"}],"about":[{"href":"https:\/\/www.restaurant-skab.fr\/en\/wp-json\/wp\/v2\/types\/post"}],"author":[{"embeddable":true,"href":"https:\/\/www.restaurant-skab.fr\/en\/wp-json\/wp\/v2\/users\/5"}],"replies":[{"embeddable":true,"href":"https:\/\/www.restaurant-skab.fr\/en\/wp-json\/wp\/v2\/comments?post=8972"}],"version-history":[{"count":13,"href":"https:\/\/www.restaurant-skab.fr\/en\/wp-json\/wp\/v2\/posts\/8972\/revisions"}],"predecessor-version":[{"id":8991,"href":"https:\/\/www.restaurant-skab.fr\/en\/wp-json\/wp\/v2\/posts\/8972\/revisions\/8991"}],"wp:featuredmedia":[{"embeddable":true,"href":"https:\/\/www.restaurant-skab.fr\/en\/wp-json\/wp\/v2\/media\/8975"}],"wp:attachment":[{"href":"https:\/\/www.restaurant-skab.fr\/en\/wp-json\/wp\/v2\/media?parent=8972"}],"wp:term":[{"taxonomy":"category","embeddable":true,"href":"https:\/\/www.restaurant-skab.fr\/en\/wp-json\/wp\/v2\/categories?post=8972"},{"taxonomy":"post_tag","embeddable":true,"href":"https:\/\/www.restaurant-skab.fr\/en\/wp-json\/wp\/v2\/tags?post=8972"}],"curies":[{"name":"wp","href":"https:\/\/api.w.org\/{rel}","templated":true}]}}