{"id":9389,"date":"2025-09-18T11:51:24","date_gmt":"2025-09-18T09:51:24","guid":{"rendered":"https:\/\/www.restaurant-skab.fr\/?p=9389"},"modified":"2025-09-18T14:04:16","modified_gmt":"2025-09-18T12:04:16","slug":"skab-ladresse-gastronomique-incontournable-entre-cevennes-vaucluse-et-herault","status":"publish","type":"post","link":"https:\/\/www.restaurant-skab.fr\/en\/actus\/le-restaurant\/skab-ladresse-gastronomique-incontournable-entre-cevennes-vaucluse-et-herault\/","title":{"rendered":"Savourez une exp\u00e9rience gastronomique unique dans le Sud"},"content":{"rendered":"\n<hr class=\"wp-block-separator has-alpha-channel-opacity\"\/>\n\n\n\n<div class=\"wp-block-columns is-layout-flex wp-container-core-columns-is-layout-9d6595d7 wp-block-columns-is-layout-flex\">\n<div class=\"wp-block-column is-layout-flow wp-block-column-is-layout-flow\" style=\"flex-basis:66.66%\">\n<div style=\"height:100px\" aria-hidden=\"true\" class=\"wp-block-spacer\"><\/div>\n\n\n\n<h3 class=\"wp-block-heading\">Une table \u00e9toil\u00e9e au c\u0153ur de N\u00eemes<\/h3>\n\n\n\n<p>Situ\u00e9 en plein centre-ville de N\u00eemes, face aux ar\u00e8nes, le restaurant <strong>Skab<\/strong> s\u2019impose comme une r\u00e9f\u00e9rence de la gastronomie dans le Gard. Son chef \u00e9toil\u00e9, Damien Sanchez sublime les produits du terroir local avec une cr\u00e9ativit\u00e9 contemporaine. Pour les amateurs de <strong>haute cuisine<\/strong>, c\u2019est une \u00e9tape incontournable, que vous veniez des <strong>C\u00e9vennes<\/strong>, du <strong>Vaucluse<\/strong> ou de l\u2019<strong>H\u00e9rault<\/strong>.<\/p>\n<\/div>\n\n\n\n<div class=\"wp-block-column is-layout-flow wp-block-column-is-layout-flow\" style=\"flex-basis:33.33%\"><div class=\"wp-block-image is-style-default\">\n<figure class=\"aligncenter size-medium\"><img loading=\"lazy\" decoding=\"async\" width=\"169\" height=\"300\" src=\"https:\/\/www.restaurant-skab.fr\/wp-content\/uploads\/2025\/09\/story-michelin-2025-169x300.jpg\" alt=\"Skab : restaurant \u00e9toil\u00e9 Michelin \u00e0 N\u00eemes, proche H\u00e9rault, Vaucluse, C\u00e9vennes\" class=\"wp-image-9394\" srcset=\"https:\/\/www.restaurant-skab.fr\/wp-content\/uploads\/2025\/09\/story-michelin-2025-169x300.jpg 169w, https:\/\/www.restaurant-skab.fr\/wp-content\/uploads\/2025\/09\/story-michelin-2025-576x1024.jpg 576w, https:\/\/www.restaurant-skab.fr\/wp-content\/uploads\/2025\/09\/story-michelin-2025-768x1365.jpg 768w, https:\/\/www.restaurant-skab.fr\/wp-content\/uploads\/2025\/09\/story-michelin-2025-864x1536.jpg 864w, https:\/\/www.restaurant-skab.fr\/wp-content\/uploads\/2025\/09\/story-michelin-2025.jpg 1080w\" sizes=\"auto, (max-width: 169px) 100vw, 169px\" \/><\/figure>\n<\/div><\/div>\n<\/div>\n\n\n\n<div class=\"wp-block-columns is-layout-flex wp-container-core-columns-is-layout-9d6595d7 wp-block-columns-is-layout-flex\">\n<div class=\"wp-block-column is-layout-flow wp-block-column-is-layout-flow\" style=\"flex-basis:33.33%\">\n<figure class=\"wp-block-image size-full\"><img loading=\"lazy\" decoding=\"async\" width=\"1024\" height=\"1024\" src=\"https:\/\/www.restaurant-skab.fr\/wp-content\/uploads\/2025\/09\/Plat-8-mai-2025_gardauxchefs.jpg\" alt=\"un restaurant gastronomique proche des C\u00e9vennes\" class=\"wp-image-9398\" srcset=\"https:\/\/www.restaurant-skab.fr\/wp-content\/uploads\/2025\/09\/Plat-8-mai-2025_gardauxchefs.jpg 1024w, https:\/\/www.restaurant-skab.fr\/wp-content\/uploads\/2025\/09\/Plat-8-mai-2025_gardauxchefs-300x300.jpg 300w, https:\/\/www.restaurant-skab.fr\/wp-content\/uploads\/2025\/09\/Plat-8-mai-2025_gardauxchefs-150x150.jpg 150w, https:\/\/www.restaurant-skab.fr\/wp-content\/uploads\/2025\/09\/Plat-8-mai-2025_gardauxchefs-768x768.jpg 768w, https:\/\/www.restaurant-skab.fr\/wp-content\/uploads\/2025\/09\/Plat-8-mai-2025_gardauxchefs-650x650.jpg 650w\" sizes=\"auto, (max-width: 1024px) 100vw, 1024px\" \/><\/figure>\n<\/div>\n\n\n\n<div class=\"wp-block-column is-layout-flow wp-block-column-is-layout-flow\" style=\"flex-basis:66.66%\">\n<div style=\"height:100px\" aria-hidden=\"true\" class=\"wp-block-spacer\"><\/div>\n\n\n\n<h3 class=\"wp-block-heading\">Un restaurant gastronomique proche des C\u00e9vennes<\/h3>\n\n\n\n<p>\u00c0 moins d\u2019une heure des paysages c\u00e9venols, Skab attire les amoureux de nature et de gastronomie qui souhaitent prolonger leur escapade par un <strong>bon restaurant<\/strong> \u00e0 N\u00eemes. L\u2019alliance entre authenticit\u00e9 et raffinement fait de Skab une table pris\u00e9e des habitants comme des visiteurs.<\/p>\n<\/div>\n<\/div>\n\n\n\n<div style=\"height:57px\" aria-hidden=\"true\" class=\"wp-block-spacer\"><\/div>\n\n\n\n<div class=\"wp-block-columns is-layout-flex wp-container-core-columns-is-layout-9d6595d7 wp-block-columns-is-layout-flex\">\n<div class=\"wp-block-column is-layout-flow wp-block-column-is-layout-flow\">\n<h3 class=\"wp-block-heading\">Une exp\u00e9rience culinaire pour les \u00e9picuriens du Vaucluse<\/h3>\n\n\n\n<p>Le <strong>Vaucluse<\/strong>, terre de vignobles et de villages perch\u00e9s, est r\u00e9put\u00e9 pour son art de vivre. Skab s\u2019inscrit dans cette m\u00eame recherche d\u2019excellence et d\u2019\u00e9l\u00e9gance. Facile d\u2019acc\u00e8s depuis Avignon ou Orange, le restaurant offre une <strong>exp\u00e9rience \u00e9toil\u00e9e<\/strong> dans une ambiance \u00e0 la fois <strong>chaleureuse et raffin\u00e9e<\/strong>.<\/p>\n<\/div>\n<\/div>\n\n\n\n<div style=\"height:59px\" aria-hidden=\"true\" class=\"wp-block-spacer\"><\/div>\n\n\n\n<div class=\"wp-block-columns is-layout-flex wp-container-core-columns-is-layout-9d6595d7 wp-block-columns-is-layout-flex\">\n<div class=\"wp-block-column is-layout-flow wp-block-column-is-layout-flow\" style=\"flex-basis:25%\">\n<figure class=\"wp-block-image size-large\"><img loading=\"lazy\" decoding=\"async\" width=\"819\" height=\"1024\" src=\"https:\/\/www.restaurant-skab.fr\/wp-content\/uploads\/2025\/09\/Amuses-bouche-Skab-819x1024.jpg\" alt=\"un exp\u00e9rience culinaire entre Vaucluse et de l'H\u00e9rault\" class=\"wp-image-9402\" srcset=\"https:\/\/www.restaurant-skab.fr\/wp-content\/uploads\/2025\/09\/Amuses-bouche-Skab-819x1024.jpg 819w, https:\/\/www.restaurant-skab.fr\/wp-content\/uploads\/2025\/09\/Amuses-bouche-Skab-240x300.jpg 240w, https:\/\/www.restaurant-skab.fr\/wp-content\/uploads\/2025\/09\/Amuses-bouche-Skab-768x960.jpg 768w, https:\/\/www.restaurant-skab.fr\/wp-content\/uploads\/2025\/09\/Amuses-bouche-Skab.jpg 1080w\" sizes=\"auto, (max-width: 819px) 100vw, 819px\" \/><\/figure>\n<\/div>\n\n\n\n<div class=\"wp-block-column is-layout-flow wp-block-column-is-layout-flow\" style=\"flex-basis:50%\">\n<div style=\"height:100px\" aria-hidden=\"true\" class=\"wp-block-spacer\"><\/div>\n\n\n\n<h3 class=\"wp-block-heading\">Une destination gourmande pour l\u2019H\u00e9rault<\/h3>\n\n\n\n<p>Les voyageurs venant de Montpellier ou B\u00e9ziers trouvent \u00e0 N\u00eemes un \u00e9crin de gastronomie qui m\u00e9rite le d\u00e9tour. Skab, reconnu parmi les <strong>meilleurs restaurants du Sud<\/strong>, propose une cuisine qui met en avant les produits m\u00e9diterran\u00e9ens et le savoir-faire local. Un lieu id\u00e9al pour un d\u00e9jeuner d\u2019affaires, un d\u00eener en couple ou une c\u00e9l\u00e9bration.<\/p>\n<\/div>\n\n\n\n<div class=\"wp-block-column is-layout-flow wp-block-column-is-layout-flow\" style=\"flex-basis:25%\"><\/div>\n<\/div>\n\n\n\n<div class=\"wp-block-columns is-layout-flex wp-container-core-columns-is-layout-9d6595d7 wp-block-columns-is-layout-flex\">\n<div class=\"wp-block-column is-layout-flow wp-block-column-is-layout-flow\">\n<h3 class=\"wp-block-heading\">Une ambiance chaleureuse et \u00e9l\u00e9gante<\/h3>\n\n\n\n<p>Au-del\u00e0 de l\u2019assiette, Skab s\u00e9duit par son cadre : une salle \u00e9l\u00e9gante, un accueil attentionn\u00e9 et une atmosph\u00e8re conviviale. Que l\u2019on cherche un <strong>restaurant \u00e9toil\u00e9<\/strong> pour une grande occasion, ou simplement un <strong>restaurant \u00e0 l\u2019ambiance chaleureuse<\/strong>, Skab r\u00e9pond aux attentes des plus exigeants.<\/p>\n<\/div>\n<\/div>\n\n\n\n<p><\/p>\n","protected":false},"excerpt":{"rendered":"<p>Une table \u00e9toil\u00e9e au c\u0153ur de N\u00eemes Situ\u00e9 en plein centre-ville de N\u00eemes, face aux ar\u00e8nes, le restaurant Skab s\u2019impose comme une r\u00e9f\u00e9rence de la gastronomie dans le Gard. Son chef \u00e9toil\u00e9, Damien Sanchez sublime les produits du terroir local avec une cr\u00e9ativit\u00e9 contemporaine. Pour les amateurs de haute cuisine, c\u2019est une \u00e9tape incontournable, que vous veniez des C\u00e9vennes, du Vaucluse ou de l\u2019H\u00e9rault. Un restaurant gastronomique proche des C\u00e9vennes \u00c0 moins d\u2019une heure des paysages c\u00e9venols, Skab attire les amoureux de nature et de gastronomie qui souhaitent prolonger leur escapade par un bon restaurant \u00e0 N\u00eemes. L\u2019alliance entre authenticit\u00e9 [&hellip;]<\/p>\n","protected":false},"author":5,"featured_media":9408,"comment_status":"closed","ping_status":"closed","sticky":false,"template":"","format":"standard","meta":{"footnotes":""},"categories":[280,242,265],"tags":[],"class_list":["post-9389","post","type-post","status-publish","format-standard","has-post-thumbnail","hentry","category-actus","category-le-restaurant","category-parution-2"],"aioseo_notices":[],"_links":{"self":[{"href":"https:\/\/www.restaurant-skab.fr\/en\/wp-json\/wp\/v2\/posts\/9389","targetHints":{"allow":["GET"]}}],"collection":[{"href":"https:\/\/www.restaurant-skab.fr\/en\/wp-json\/wp\/v2\/posts"}],"about":[{"href":"https:\/\/www.restaurant-skab.fr\/en\/wp-json\/wp\/v2\/types\/post"}],"author":[{"embeddable":true,"href":"https:\/\/www.restaurant-skab.fr\/en\/wp-json\/wp\/v2\/users\/5"}],"replies":[{"embeddable":true,"href":"https:\/\/www.restaurant-skab.fr\/en\/wp-json\/wp\/v2\/comments?post=9389"}],"version-history":[{"count":11,"href":"https:\/\/www.restaurant-skab.fr\/en\/wp-json\/wp\/v2\/posts\/9389\/revisions"}],"predecessor-version":[{"id":9413,"href":"https:\/\/www.restaurant-skab.fr\/en\/wp-json\/wp\/v2\/posts\/9389\/revisions\/9413"}],"wp:featuredmedia":[{"embeddable":true,"href":"https:\/\/www.restaurant-skab.fr\/en\/wp-json\/wp\/v2\/media\/9408"}],"wp:attachment":[{"href":"https:\/\/www.restaurant-skab.fr\/en\/wp-json\/wp\/v2\/media?parent=9389"}],"wp:term":[{"taxonomy":"category","embeddable":true,"href":"https:\/\/www.restaurant-skab.fr\/en\/wp-json\/wp\/v2\/categories?post=9389"},{"taxonomy":"post_tag","embeddable":true,"href":"https:\/\/www.restaurant-skab.fr\/en\/wp-json\/wp\/v2\/tags?post=9389"}],"curies":[{"name":"wp","href":"https:\/\/api.w.org\/{rel}","templated":true}]}}